{"id":568,"date":"2024-05-18T22:47:32","date_gmt":"2024-05-19T04:47:32","guid":{"rendered":"https:\/\/jovial-yalow.104-219-41-121.plesk.page\/?p=568"},"modified":"2024-05-18T22:47:36","modified_gmt":"2024-05-19T04:47:36","slug":"reciclando-nos-reciclamos","status":"publish","type":"post","link":"https:\/\/redzibata.org\/index.php\/blog\/habemos-con-seriedad\/reciclando-nos-reciclamos\/","title":{"rendered":"Reciclando nos reciclamos"},"content":{"rendered":"\n<p>Estos tiempos de confinamiento han servido para muchas cosas; entre ellas, muchas personas&nbsp;han estado arreglando cl\u00f3sets, bodegas, anaqueles y espacios diversos en el hogar, generando con ello las virtuosas tareas de orden, limpieza y reciclaje, y \u00a1vaya liberaci\u00f3n!<\/p>\n\n\n\n<p>Bien se dice que es necesario hacer espacio en nuestras vidas para recibir, as\u00ed como deshacernos de lo viejo para dar lugar a algo nuevo; y qu\u00e9 mejor, si haci\u00e9ndolo compartimos lo que todav\u00eda es \u00fatil. En ello radica la idea de que reciclando, nos reciclamos a nosotros mismos. Sin duda, la energ\u00eda positiva que se dinamiza al dar orden y organizaci\u00f3n a un espacio, provoca una sensaci\u00f3n de bienestar para nadie molesta.<\/p>\n\n\n\n<p>Pero si bien todos experimentamos la necesidad de ordenar y limpiar nuestro hogar, poca conciencia hacemos respecto a la necesidad de participar en el orden y limpieza de nuestro entorno.<\/p>\n\n\n\n<p>En pa\u00edses donde el nivel educacional es elevado, se considera que las calles y los espacios p\u00fablicos son parte del espacio vital del ser humano, y por tanto, una extensi\u00f3n de casa. Bajo esa perspectiva, se entiende que la responsabilidad de limpieza no se limita al hogar, sino tambi\u00e9n a los espacios exteriores, comprendi\u00e9ndose como un deber moral y una obligaci\u00f3n social. En contraste, es com\u00fan escuchar en M\u00e9xico que \u201cla calle no es de nadie\u201d, idea que se acomoda para justificar el abandonar basura, tirar escombro, escupir, manchar con aceite de motor o verter l\u00edquidos inmundos, entre muchas otras cosas. Y si acaso se hacen esfuerzos por ordenarla en casa, los hay quienes apenas llegan al contenedor comunal y la dejan al pie del mismo, sin siquiera tomarse la molestia de depositarla en su interior.<\/p>\n\n\n\n<p>Nunca como ahora, la basura se ha convertido en un problema de dimensi\u00f3n incalculable. De acuerdo al Nature Journal, para 2025 ser\u00e1n 6 millones de toneladas diarias las que habr\u00e1 que recoger en el mundo, el doble de lo que se produjo hace diez a\u00f1os, seg\u00fan c\u00e1lculos resultantes de la suma reportada por los pa\u00edses en el orbe.<\/p>\n\n\n\n<p>El consumismo nos ha llevado a acumular un sinn\u00famero de objetos in\u00fatiles tanto como a desechar una cantidad inmensurable de empaques. Dichosamente, cada vez hay m\u00e1s gente consciente del bienestar que genera la pr\u00e1ctica de separarla y reciclarla; sin embargo, a\u00fan nos falta escalar pelda\u00f1os en la evoluci\u00f3n del proceso.<\/p>\n\n\n\n<p>La iniciativa de Quer\u00e9taro para disminuir el impacto negativo del pl\u00e1stico ha sido un buen comienzo para motivar a las diferentes comunidades de la entidad a generar sus propias iniciativas en beneficio del medio ambiente. Y si bien Zibat\u00e1 naci\u00f3 con la firme convicci\u00f3n de ser una comunidad sustentable, el tema de la basura ha quedado pendiente. Sin embargo, al ser un&nbsp;fraccionamiento conformado por privadas y condominios, resulta f\u00e1cil organizar y madurar la tarea desde el interior de cada uno de los ellos.<\/p>\n\n\n\n<p>Ciertamente ya hay cotos que lo hacen, pero hemos de reconocer que todav\u00eda representan una minor\u00eda de apenas dos o tres; por ello, la Red Ciudadana de la Colonia Zibat\u00e1 seguir\u00e1 promoviendo la organizaci\u00f3n para tal fin, deseando que la pr\u00e1ctica de separar y reciclar la basura constituya una de nuestras cartas fuertes como comunidad.<\/p>\n\n\n\n<p>Por un Zibat\u00e1 de orden y respeto, mejoremos nuestro nivel de conciencia.<\/p>\n\n\n\n<p><\/p>\n\n\n\n<p class=\"has-x-small-font-size\"><em>Art\u00edculo publicado en mayo de 2020.<\/em><\/p>\n","protected":false},"excerpt":{"rendered":"<p>Estos tiempos de confinamiento han servido para muchas cosas; entre ellas, muchas personas\u00a0han estado arreglando cl\u00f3sets, generando con ello las virtuosas tareas de orden, limpieza y reciclaje, y \u00a1vaya liberaci\u00f3n!<\/p>\n","protected":false},"author":8,"featured_media":569,"comment_status":"open","ping_status":"open","sticky":false,"template":"","format":"standard","meta":{"footnotes":""},"categories":[7],"tags":[34],"class_list":["post-568","post","type-post","status-publish","format-standard","has-post-thumbnail","hentry","category-habemos-con-seriedad","tag-articulo-de-opinion"],"_links":{"self":[{"href":"https:\/\/redzibata.org\/index.php\/wp-json\/wp\/v2\/posts\/568","targetHints":{"allow":["GET"]}}],"collection":[{"href":"https:\/\/redzibata.org\/index.php\/wp-json\/wp\/v2\/posts"}],"about":[{"href":"https:\/\/redzibata.org\/index.php\/wp-json\/wp\/v2\/types\/post"}],"author":[{"embeddable":true,"href":"https:\/\/redzibata.org\/index.php\/wp-json\/wp\/v2\/users\/8"}],"replies":[{"embeddable":true,"href":"https:\/\/redzibata.org\/index.php\/wp-json\/wp\/v2\/comments?post=568"}],"version-history":[{"count":1,"href":"https:\/\/redzibata.org\/index.php\/wp-json\/wp\/v2\/posts\/568\/revisions"}],"predecessor-version":[{"id":570,"href":"https:\/\/redzibata.org\/index.php\/wp-json\/wp\/v2\/posts\/568\/revisions\/570"}],"wp:featuredmedia":[{"embeddable":true,"href":"https:\/\/redzibata.org\/index.php\/wp-json\/wp\/v2\/media\/569"}],"wp:attachment":[{"href":"https:\/\/redzibata.org\/index.php\/wp-json\/wp\/v2\/media?parent=568"}],"wp:term":[{"taxonomy":"category","embeddable":true,"href":"https:\/\/redzibata.org\/index.php\/wp-json\/wp\/v2\/categories?post=568"},{"taxonomy":"post_tag","embeddable":true,"href":"https:\/\/redzibata.org\/index.php\/wp-json\/wp\/v2\/tags?post=568"}],"curies":[{"name":"wp","href":"https:\/\/api.w.org\/{rel}","templated":true}]}}