{"id":576,"date":"2024-05-20T12:01:03","date_gmt":"2024-05-20T18:01:03","guid":{"rendered":"https:\/\/jovial-yalow.104-219-41-121.plesk.page\/?p=576"},"modified":"2024-05-20T12:01:04","modified_gmt":"2024-05-20T18:01:04","slug":"luces-y-sombras","status":"publish","type":"post","link":"https:\/\/redzibata.org\/index.php\/blog\/habemos-con-seriedad\/luces-y-sombras\/","title":{"rendered":"Luces y sombras"},"content":{"rendered":"\n<p>El esfuerzo por construir paz en nuestra comunidad nos empuja necesariamente a hablar de la&nbsp;dualidad, ese principio filos\u00f3fico que apela a la doble naturaleza de las cosas: lo positivo y lo&nbsp;negativo, lo material y lo espiritual, lo abstracto y lo concreto, la luz y la sombra, etc. La belleza&nbsp;de una rosa contrasta con la hostilidad de sus espinas, la dulzura de la miel contrasta con la&nbsp;inc\u00f3moda sensaci\u00f3n de pegatina que deja al tacto, y el apacible sonido del correr del agua en&nbsp;un r\u00edo, en una cascada o en una ola de mar, contrasta con la voracidad de su fuerza al atrapar&nbsp;cualquier objeto entre sus implacables corrientes. Todo en este planeta Tierra tiene la dualidad&nbsp;por caracter\u00edstica.<\/p>\n\n\n\n<p>En el ser humano, esa dualidad tambi\u00e9n nos somete a una lucha constante tanto en lo interno como en lo externo, la cual suele proyectarse en conductas incongruentes dif\u00edciles de&nbsp;comprender. Se supone que la educaci\u00f3n y formaci\u00f3n de car\u00e1cter debieran ayudarnos a&nbsp;contener los impulsos de nuestra sombra y cultivar las virtudes de nuestra luz, pero parece que&nbsp;la tendencia \u201cKitsch\u201d, que desde hace d\u00e9cadas privilegia la vida placentera e indulgente va&nbsp;ganando terreno, pese a los esfuerzos de quienes a\u00fan desean privilegiar la disciplina del&nbsp;car\u00e1cter y la cortes\u00eda de un buen coraz\u00f3n.<\/p>\n\n\n\n<p>Lo cierto es que el rampante ego que gobierna nuestra sombra est\u00e1 en lucha constante contra&nbsp;la conciencia que gobierna nuestra luz: verdad vs mentira, bondad vs maldad, belleza vs&nbsp;vulgaridad, amor vs indiferencia, compasi\u00f3n vs indolencia, etc. Esta lucha de fuerzas, en el&nbsp;mejor de los casos nos pone de mal humor, pero en el peor de ellos nos polariza&nbsp;peligrosamente en alg\u00fan extremo patol\u00f3gico, por lo que ning\u00fan esfuerzo por llamar a la sana&nbsp;median\u00eda est\u00e1 de sobra.<\/p>\n\n\n\n<p>El resentimiento, el miedo y la ira son emociones t\u00edpicas de quienes est\u00e1n bordeando esos&nbsp;extremos peligrosos, y normalmente se proyectan en forma de intolerancia, juicio, cr\u00edtica,&nbsp;expresiones de odio y la b\u00fasqueda constante de chivos expiatorios. Las diferentes corrientes&nbsp;ideol\u00f3gicas siempre han sacado ventaja de estas luchas, pero en realidad, donde se generan es&nbsp;en el mismo individuo que, deseando un poco de alivio para paliar sus frustraciones, busca filias&nbsp;entre quienes piensen o sientan igual que \u00e9l o ella, as\u00ed como reductos contrarios donde pueda&nbsp;volcar y depositar su malestar.<\/p>\n\n\n\n<p>Hacer conciencia de ello nos permitir\u00e1 en principio, preguntarnos c\u00f3mo contribuimos nosotros&nbsp;en lo personal, a violentar el entorno con nuestro discurso, nuestra actitud, nuestro mal humor,&nbsp;nuestra intolerancia, nuestra hostilidad o nuestra rebeld\u00eda. Quiz\u00e1 no carguemos con pistola en&nbsp;el cincho, o quiz\u00e1 no traigamos un bate en el auto, pero muchos s\u00ed parecen desenfundar una&nbsp;espada con su lenguaje verbal y no verbal. Hagamos un alto, reflexionemos y bajemos las&nbsp;\u201carmas\u201d.<\/p>\n\n\n\n<p>Ciertamente, la sensaci\u00f3n de inseguridad nos lleva a una compulsiva defensividad agresiva, pero tambi\u00e9n lo hace de manera sutil, la \u00e1cida actitud de cr\u00edtica y juicio que hoy encontramos&nbsp;en cualquier pl\u00e1tica de caf\u00e9 o sobremesa. \u00bfAcaso no valdr\u00e1 la pena \u201cmatizarnos\u201d un poco?&nbsp;<\/p>\n\n\n\n<p>Por un Zibat\u00e1 de orden y respeto, mejoremos nuestro nivel de conciencia.<\/p>\n\n\n\n<p><\/p>\n\n\n\n<p class=\"has-x-small-font-size\"><em>Art\u00edculo publicado en octubre de 2021.<\/em><\/p>\n","protected":false},"excerpt":{"rendered":"<p>El esfuerzo por construir paz en nuestra comunidad nos empuja necesariamente a hablar de la\u00a0dualidad, ese principio filos\u00f3fico que apela a la doble naturaleza de las cosas.<\/p>\n","protected":false},"author":8,"featured_media":25,"comment_status":"open","ping_status":"open","sticky":false,"template":"","format":"standard","meta":{"footnotes":""},"categories":[7],"tags":[34],"class_list":["post-576","post","type-post","status-publish","format-standard","has-post-thumbnail","hentry","category-habemos-con-seriedad","tag-articulo-de-opinion"],"_links":{"self":[{"href":"https:\/\/redzibata.org\/index.php\/wp-json\/wp\/v2\/posts\/576","targetHints":{"allow":["GET"]}}],"collection":[{"href":"https:\/\/redzibata.org\/index.php\/wp-json\/wp\/v2\/posts"}],"about":[{"href":"https:\/\/redzibata.org\/index.php\/wp-json\/wp\/v2\/types\/post"}],"author":[{"embeddable":true,"href":"https:\/\/redzibata.org\/index.php\/wp-json\/wp\/v2\/users\/8"}],"replies":[{"embeddable":true,"href":"https:\/\/redzibata.org\/index.php\/wp-json\/wp\/v2\/comments?post=576"}],"version-history":[{"count":1,"href":"https:\/\/redzibata.org\/index.php\/wp-json\/wp\/v2\/posts\/576\/revisions"}],"predecessor-version":[{"id":577,"href":"https:\/\/redzibata.org\/index.php\/wp-json\/wp\/v2\/posts\/576\/revisions\/577"}],"wp:featuredmedia":[{"embeddable":true,"href":"https:\/\/redzibata.org\/index.php\/wp-json\/wp\/v2\/media\/25"}],"wp:attachment":[{"href":"https:\/\/redzibata.org\/index.php\/wp-json\/wp\/v2\/media?parent=576"}],"wp:term":[{"taxonomy":"category","embeddable":true,"href":"https:\/\/redzibata.org\/index.php\/wp-json\/wp\/v2\/categories?post=576"},{"taxonomy":"post_tag","embeddable":true,"href":"https:\/\/redzibata.org\/index.php\/wp-json\/wp\/v2\/tags?post=576"}],"curies":[{"name":"wp","href":"https:\/\/api.w.org\/{rel}","templated":true}]}}