{"id":598,"date":"2024-05-21T14:29:26","date_gmt":"2024-05-21T20:29:26","guid":{"rendered":"https:\/\/jovial-yalow.104-219-41-121.plesk.page\/?p=598"},"modified":"2024-05-21T14:29:29","modified_gmt":"2024-05-21T20:29:29","slug":"hasta-que-la-dignidad-se-haga-costumbre","status":"publish","type":"post","link":"https:\/\/redzibata.org\/index.php\/blog\/habemos-con-seriedad\/hasta-que-la-dignidad-se-haga-costumbre\/","title":{"rendered":"\u201cHasta que la dignidad se haga costumbre\u201d"},"content":{"rendered":"\n<p>Quiz\u00e1 alguno de ustedes recuerde esta famosa frase de Estela Hern\u00e1ndez, ind\u00edgena queretana, cuya madre de nombre Jacinta Francisco Marcial, fue acusada en 2006 junto con otras dos mujeres -Alberta Alc\u00e1ntara y Teresa Gonz\u00e1lez-, por haber secuestrado supuestamente a seis elementos de la Agencia Federal de Investigaci\u00f3n en el estado de Quer\u00e9taro. Tras haber estado encarceladas injustamente por tres a\u00f1os, fueron liberadas, quedando obligada la PGR a reparar el da\u00f1o material y moral, as\u00ed como reconocer p\u00fablicamente la inocencia de estas tres mujeres. En ese contexto, la frase surgi\u00f3 del conmovedor discurso que tanto Jacinta como su hija Estela dijeron p\u00fablicamente, se\u00f1alando que se mantendr\u00edan \u201cen pie de lucha por su patria, por la vida, y por la humanidad, hasta que la dignidad se hiciese costumbre\u201d. Este sentir mexicano, expresado desde la dolida garganta de una v\u00edctima, dio la vuelta al mundo hasta llegar a Chile, donde en 2019 se convirti\u00f3 en la frase emblem\u00e1tica de las movilizaciones sociales que protestaron por las desigualdades de ese pa\u00eds.<\/p>\n\n\n\n<p>Pero, \u00bfqu\u00e9 significa mantenerse en pie de lucha por la patria, la vida y la humanidad, hasta que la dignidad se haga costumbre? \u00bfCu\u00e1ntos de nosotros har\u00edamos nuestra esta frase como la hicieron miles de chilenos en 2019?<\/p>\n\n\n\n<p>M\u00e9xico vive momentos dif\u00edciles en los que las desigualdades construidas a lo largo de las d\u00e9cadas est\u00e1n cobrando factura. La semilla de la indolencia e indiferencia sembrada en los terrenos sociales m\u00e1s desfavorecidos, ha venido dando su fruto, uno muy amargo llamado \u201cresentimiento\u201d. Al comerse, \u00e9ste provoca violencia, odio y el imparable deseo de venganza, y ning\u00fan rinc\u00f3n de M\u00e9xico est\u00e1 exento de su impacto. Sin embargo, hemos cre\u00eddo que la contenci\u00f3n del mismo es s\u00f3lo responsabilidad de los gobiernos, de la polic\u00eda o del ej\u00e9rcito, cuando los ciudadanos podemos hacer mucho desde la conciencia y la organizaci\u00f3n comunitaria.<\/p>\n\n\n\n<p>Miremos a nuestro alrededor y observemos todas las comunidades que rodean a Zibat\u00e1. A nuestras casas incluso, llegan personas provenientes de ellas todos los d\u00edas, para servirnos y ayudarnos en las tareas dom\u00e9sticas. Las tierras donde hoy se erigen nuestros hogares pertenecieron a sus antepasados, eran sus tierras de cultivo, las tierras donde adoraban a sus dioses y donde enterraban a sus muertos; adem\u00e1s, la biodiversidad de estas tierras tambi\u00e9n forma parte intr\u00ednseca de sus culturas. De alguna manera, hemos invadido su espacio vital involuntariamente, tal como lo hemos hecho con relaci\u00f3n a la fauna end\u00e9mica. Hacer conciencia de ello debe movernos primeramente a la empat\u00eda, y despu\u00e9s a la solidaridad. Mirarlos, incluirlos y sentir con ellos es el primer paso del proceso que implica combatir el \u201cresentimiento\u201d, porque hacerlo es devolverles su dignidad, y justo ello es hacer nuestra, la frase de Estela Hern\u00e1ndez.<\/p>\n\n\n\n<p><a><\/a>\u00bfPor d\u00f3nde empezar? Por lo pronto, \u00bfqu\u00e9 tal saludarles al cruzarnos con ellos por la calle? Con un simple saludo a sus personas expresamos respeto a su dignidad humana. Con un sencillo acto como \u00e9ste, empecemos a practicar el respeto a la dignidad, hasta que \u00e9sta se haga costumbre en nuestra comunidad; poco a poco iremos siendo creativos y generando ideas que nos permitan un acercamiento constructivo con dichas comunidades. Hacerlo no acabar\u00e1 con la inseguridad del todo, pero sin duda, la disminuir\u00e1 significativamente con el tiempo.&nbsp; &nbsp; &nbsp;<\/p>\n\n\n\n<h5 class=\"wp-block-heading has-small-font-size\"><strong>Por un Zibat\u00e1 de orden y respeto, mejoremos nuestro nivel de conciencia.<\/strong><\/h5>\n\n\n\n<p class=\"has-x-small-font-size\"><em>Art\u00edculo publicado en julio de 2022.<\/em><\/p>\n","protected":false},"excerpt":{"rendered":"<p>Tras haber estado encarceladas injustamente por tres a\u00f1os, fueron liberadas, quedando obligada la PGR a reparar el da\u00f1o material y moral, as\u00ed como reconocer p\u00fablicamente la inocencia de estas tres mujeres. <\/p>\n","protected":false},"author":8,"featured_media":590,"comment_status":"open","ping_status":"open","sticky":false,"template":"","format":"standard","meta":{"footnotes":""},"categories":[7],"tags":[34],"class_list":["post-598","post","type-post","status-publish","format-standard","has-post-thumbnail","hentry","category-habemos-con-seriedad","tag-articulo-de-opinion"],"_links":{"self":[{"href":"https:\/\/redzibata.org\/index.php\/wp-json\/wp\/v2\/posts\/598","targetHints":{"allow":["GET"]}}],"collection":[{"href":"https:\/\/redzibata.org\/index.php\/wp-json\/wp\/v2\/posts"}],"about":[{"href":"https:\/\/redzibata.org\/index.php\/wp-json\/wp\/v2\/types\/post"}],"author":[{"embeddable":true,"href":"https:\/\/redzibata.org\/index.php\/wp-json\/wp\/v2\/users\/8"}],"replies":[{"embeddable":true,"href":"https:\/\/redzibata.org\/index.php\/wp-json\/wp\/v2\/comments?post=598"}],"version-history":[{"count":1,"href":"https:\/\/redzibata.org\/index.php\/wp-json\/wp\/v2\/posts\/598\/revisions"}],"predecessor-version":[{"id":599,"href":"https:\/\/redzibata.org\/index.php\/wp-json\/wp\/v2\/posts\/598\/revisions\/599"}],"wp:featuredmedia":[{"embeddable":true,"href":"https:\/\/redzibata.org\/index.php\/wp-json\/wp\/v2\/media\/590"}],"wp:attachment":[{"href":"https:\/\/redzibata.org\/index.php\/wp-json\/wp\/v2\/media?parent=598"}],"wp:term":[{"taxonomy":"category","embeddable":true,"href":"https:\/\/redzibata.org\/index.php\/wp-json\/wp\/v2\/categories?post=598"},{"taxonomy":"post_tag","embeddable":true,"href":"https:\/\/redzibata.org\/index.php\/wp-json\/wp\/v2\/tags?post=598"}],"curies":[{"name":"wp","href":"https:\/\/api.w.org\/{rel}","templated":true}]}}