{"id":708,"date":"2024-05-27T13:07:13","date_gmt":"2024-05-27T19:07:13","guid":{"rendered":"https:\/\/jovial-yalow.104-219-41-121.plesk.page\/?p=708"},"modified":"2024-05-27T14:12:34","modified_gmt":"2024-05-27T20:12:34","slug":"encuentro-de-la-red-ciudadana-con-autoridades-del-municipio-de-el-marques","status":"publish","type":"post","link":"https:\/\/redzibata.org\/index.php\/uncategorized\/encuentro-de-la-red-ciudadana-con-autoridades-del-municipio-de-el-marques\/","title":{"rendered":"Encuentro de la Red Ciudadana con autoridades del Municipio de El Marqu\u00e9s"},"content":{"rendered":"\n<p>El pasado 22 de febrero de 2024, la Red Ciudadana se reuni\u00f3 con el Presidente Municipal de El Marqu\u00e9s, Enrique Vega Carriles, junto con su equipo que lidera este organismo. Durante la reuni\u00f3n, miembros y adherentes activos de la Red expresaron las inquietudes y preocupaciones que se tienen en relaci\u00f3n a Zibat\u00e1.&nbsp;<\/p>\n\n\n\n<figure class=\"wp-block-image aligncenter size-full is-resized has-custom-border\"><img loading=\"lazy\" decoding=\"async\" width=\"1525\" height=\"861\" src=\"https:\/\/redzibata.org\/wp-content\/uploads\/2024\/05\/Red-Ciudadana-Zibata-Evento-13-e1716837106314.jpg\" alt=\"\" class=\"wp-image-705\" style=\"border-style:none;border-width:0px;border-radius:0px;width:500px\" srcset=\"https:\/\/redzibata.org\/wp-content\/uploads\/2024\/05\/Red-Ciudadana-Zibata-Evento-13-e1716837106314.jpg 1525w, https:\/\/redzibata.org\/wp-content\/uploads\/2024\/05\/Red-Ciudadana-Zibata-Evento-13-e1716837106314-300x169.jpg 300w, https:\/\/redzibata.org\/wp-content\/uploads\/2024\/05\/Red-Ciudadana-Zibata-Evento-13-e1716837106314-1024x578.jpg 1024w, https:\/\/redzibata.org\/wp-content\/uploads\/2024\/05\/Red-Ciudadana-Zibata-Evento-13-e1716837106314-768x434.jpg 768w\" sizes=\"auto, (max-width: 1525px) 100vw, 1525px\" \/><figcaption class=\"wp-element-caption\">Al desayuno organizaron cerca de 15 personas de la Red Ciudadana, donde expusieron las peticiones m\u00e1s apremiantes para mejorar Zibat\u00e1.<\/figcaption><\/figure>\n\n\n\n<p>Como parte del grupo del Municipio estuvieron presentes: M\u00f3nica Guerrero \u2013Jefa de Gabinete; Rodrigo Monsalvo -Jefe de la Oficina de la Presidencia Municipal; as\u00ed como Secretarios y Directivos.&nbsp;<\/p>\n\n\n\n<p>En representaci\u00f3n de la Red Ciudadana de Zibat\u00e1 estuvieron: David Diego (Comisionado de Sistemas), Javier Barba (Comisionado de Legalidad), No\u00e9 S\u00e1nchez (Comisionado de Seguridad), Adriana Leal (Comisionada de Conciencia y Formaci\u00f3n), y adherentes activos como Bertha Farf\u00e1n, Berenice Vite, Miryam Meza, Pablo Meza, Gonzalo Ceja, Sergio Mart\u00ednez, Diana Contreras, David Calder\u00f3n, C\u00e9sar P\u00e9rez, Erik Villag\u00f3mez y Luis S\u00e1nchez.&nbsp;<\/p>\n\n\n\n<p>Este evento no solo marc\u00f3 un hito en el fortalecimiento de la relaci\u00f3n entre la Red Ciudadana y las autoridades municipales, sino que tambi\u00e9n reafirm\u00f3 el compromiso conjunto de trabajar hacia una Zibat\u00e1 m\u00e1s segura y organizada.&nbsp;<\/p>\n\n\n\n<figure class=\"wp-block-image aligncenter size-full is-resized\"><img loading=\"lazy\" decoding=\"async\" width=\"1280\" height=\"411\" src=\"https:\/\/redzibata.org\/wp-content\/uploads\/2024\/05\/Red-Ciudadana-Zibata-Evento-2-e1716837037787.jpg\" alt=\"\" class=\"wp-image-703\" style=\"width:500px\" srcset=\"https:\/\/redzibata.org\/wp-content\/uploads\/2024\/05\/Red-Ciudadana-Zibata-Evento-2-e1716837037787.jpg 1280w, https:\/\/redzibata.org\/wp-content\/uploads\/2024\/05\/Red-Ciudadana-Zibata-Evento-2-e1716837037787-300x96.jpg 300w, https:\/\/redzibata.org\/wp-content\/uploads\/2024\/05\/Red-Ciudadana-Zibata-Evento-2-e1716837037787-1024x329.jpg 1024w, https:\/\/redzibata.org\/wp-content\/uploads\/2024\/05\/Red-Ciudadana-Zibata-Evento-2-e1716837037787-768x247.jpg 768w\" sizes=\"auto, (max-width: 1280px) 100vw, 1280px\" \/><figcaption class=\"wp-element-caption\">Principales representantes del Municipio (de derecha a izquierda): Javier Cort\u00e9s (titular de la Secretar\u00eda de Seguridad), Rodrigo Monsalvo (Jefe de la oficina de la Presidencia), Enrique Vega (Presidente Municipal), M\u00f3nica Guerrero (Jefa de Gabinete) y el Arq. Juan Manuel Guerrero Palma (Secretario de Desarrollo Sustentable).<\/figcaption><\/figure>\n\n\n\n<p>Esto es un ejemplo de c\u00f3mo la Red Ciudadana contin\u00faa desempe\u00f1ando su papel de ser un puente entre la comunidad y las instancias gubernamentales, asegurando que las voces de los residentes sean escuchadas y que las acciones se alineen con las verdaderas necesidades de la comunidad.<\/p>\n\n\n\n<p>Conoce lo presentado por parte de la Red durante el evento dando clic&nbsp;aqu\u00ed.<\/p>\n\n\n\n<figure class=\"wp-block-image aligncenter size-full is-resized\"><img decoding=\"async\" src=\"https:\/\/redzibata.org\/wp-content\/uploads\/2024\/05\/Red-Ciudadana-Zibata-Evento-7.jpg\" alt=\"\" class=\"wp-image-704\" style=\"width:500px\"\/><figcaption class=\"wp-element-caption\">Integrantes de la Red Ciudadana (de derecha a izquierda): Javier Barba, Luis S\u00e1nchez, Adriana Leal y No\u00e9 S\u00e1nchez.<\/figcaption><\/figure>\n","protected":false},"excerpt":{"rendered":"<p>La Red Ciudadana se reuni\u00f3 con el Presidente Municipal de El Marqu\u00e9s, Enrique Vega Carriles, junto con su equipo que lidera este organismo.<\/p>\n","protected":false},"author":2,"featured_media":716,"comment_status":"open","ping_status":"open","sticky":false,"template":"","format":"standard","meta":{"footnotes":""},"categories":[],"tags":[16,15,21],"class_list":["post-708","post","type-post","status-publish","format-standard","has-post-thumbnail","hentry","tag-conferencia","tag-municipio","tag-red-zibata"],"_links":{"self":[{"href":"https:\/\/redzibata.org\/index.php\/wp-json\/wp\/v2\/posts\/708","targetHints":{"allow":["GET"]}}],"collection":[{"href":"https:\/\/redzibata.org\/index.php\/wp-json\/wp\/v2\/posts"}],"about":[{"href":"https:\/\/redzibata.org\/index.php\/wp-json\/wp\/v2\/types\/post"}],"author":[{"embeddable":true,"href":"https:\/\/redzibata.org\/index.php\/wp-json\/wp\/v2\/users\/2"}],"replies":[{"embeddable":true,"href":"https:\/\/redzibata.org\/index.php\/wp-json\/wp\/v2\/comments?post=708"}],"version-history":[{"count":4,"href":"https:\/\/redzibata.org\/index.php\/wp-json\/wp\/v2\/posts\/708\/revisions"}],"predecessor-version":[{"id":715,"href":"https:\/\/redzibata.org\/index.php\/wp-json\/wp\/v2\/posts\/708\/revisions\/715"}],"wp:featuredmedia":[{"embeddable":true,"href":"https:\/\/redzibata.org\/index.php\/wp-json\/wp\/v2\/media\/716"}],"wp:attachment":[{"href":"https:\/\/redzibata.org\/index.php\/wp-json\/wp\/v2\/media?parent=708"}],"wp:term":[{"taxonomy":"category","embeddable":true,"href":"https:\/\/redzibata.org\/index.php\/wp-json\/wp\/v2\/categories?post=708"},{"taxonomy":"post_tag","embeddable":true,"href":"https:\/\/redzibata.org\/index.php\/wp-json\/wp\/v2\/tags?post=708"}],"curies":[{"name":"wp","href":"https:\/\/api.w.org\/{rel}","templated":true}]}}